{"id":7137,"date":"2024-09-17T16:19:48","date_gmt":"2024-09-17T16:19:48","guid":{"rendered":"https:\/\/adplus.site\/?p=7137"},"modified":"2024-09-17T16:19:48","modified_gmt":"2024-09-17T16:19:48","slug":"comment-calculer-les-frais-mensuels-quand-on-est-proprietaire","status":"publish","type":"post","link":"https:\/\/art-renovation.ch\/index.php\/2024\/09\/17\/comment-calculer-les-frais-mensuels-quand-on-est-proprietaire\/","title":{"rendered":"Comment calculer les frais mensuels\u00a0quand on est propri\u00e9taire\u00a0?"},"content":{"rendered":"\n<p>Ludivina est une m\u00e8re de famille tr\u00e8s organis\u00e9e et m\u00e9thodique. Avec sa petite famille, elle va finalement habiter leur propre maison. A quelques mois du d\u00e9m\u00e9nagement, Ludivina se penche d\u00e9j\u00e0 sur les factures et les frais mensuels qu\u2019ils doivent payer.<\/p>\n\n\n\n<p>Sans beaucoup de connaissances en la mati\u00e8re, elle d\u00e9cide de demander de l\u2019aide \u00e0 des amies. En effet, pour Ludivina, les frais mensuels pour les locations sont plus simples, car d\u00e9j\u00e0 \u00e9tablis. Mais pour une maison individuelle, le compte est encore assez difficile.<\/p>\n\n\n\n<p>Ludivina a donc cherch\u00e9 de l\u2019aide aupr\u00e8s de Michelle, une amie de longue date qui, depuis quelques ann\u00e9es, vit dans sa propre maison, une maison individuelle. Mais, selon cette amie de Ludivina, les frais peuvent varier suivant divers crit\u00e8res, comme&nbsp;:<br>le type de logement,<br>la commune ou la zone g\u00e9ographique,<br>la qualit\u00e9 de l\u2019isolation,<br>l\u2019habitude de vie des occupants\u2026<\/p>\n\n\n\n<p>Selon Michelle, ces crit\u00e8res permettraient de d\u00e9finir le risque qu\u2019encoure le bien, un d\u00e9tail important pour ce qui est de l\u2019assurance b\u00e2timent. Les factures mensuelles pour les \u00e9nergies peuvent aussi changer suivant l\u2019habitude des occupants et le niveau de confort du b\u00e2timent ou la qualit\u00e9 de l\u2019isolation.<\/p>\n\n\n\n<p>Michelle lui a expliqu\u00e9 qu\u2019il faut penser \u00e0 paye diverses taxes et factures, en plus de ce qu\u2019elle a pay\u00e9 en \u00e9tant locataire. Il faut payer, entre autres, la taxe service de feux et les diverses assurances, mais \u00e9galement les factures \u00e9nerg\u00e9tiques.<\/p>\n\n\n\n<p>En somme, pour pouvoir r\u00e9duire les frais mensuels, Ludivina devrait optimiser les d\u00e9penses et les factures \u00e9nerg\u00e9tiques de sa maison. Pour lui venir en aide, Michelle lui a conseill\u00e9 les services d\u2019A&amp;D Plus S\u00e0rl.<\/p>\n\n\n\n<p>Michelle a d\u00e9j\u00e0 fait appel \u00e0 cette entreprise, sp\u00e9cialis\u00e9e dans la construction, la gestion de chantier, mais aussi dans les techniques d\u2019isolation. Selon elle, A&amp;D Plus S\u00e0rl pourrait venir en aide \u00e0 Ludivina pour am\u00e9liorer l\u2019isolation de sa maison, et aussi parvenir \u00e0 \u00e9tablir une estimation de frais mensuels.<\/p>\n","protected":false},"excerpt":{"rendered":"<p>Ludivina est une m\u00e8re de famille tr\u00e8s organis\u00e9e et m\u00e9thodique. Avec sa petite famille, elle va finalement habiter leur propre maison. A quelques mois du d\u00e9m\u00e9nagement, Ludivina se penche d\u00e9j\u00e0 sur les factures et les frais mensuels qu\u2019ils doivent payer. Sans beaucoup de connaissances en la mati\u00e8re, elle d\u00e9cide de demander de l\u2019aide \u00e0 des [&hellip;]<\/p>\n","protected":false},"author":3,"featured_media":7138,"comment_status":"open","ping_status":"open","sticky":false,"template":"","format":"standard","meta":{"footnotes":""},"categories":[2],"tags":[],"class_list":["post-7137","post","type-post","status-publish","format-standard","has-post-thumbnail","hentry","category-uncategorized"],"_links":{"self":[{"href":"https:\/\/art-renovation.ch\/index.php\/wp-json\/wp\/v2\/posts\/7137","targetHints":{"allow":["GET"]}}],"collection":[{"href":"https:\/\/art-renovation.ch\/index.php\/wp-json\/wp\/v2\/posts"}],"about":[{"href":"https:\/\/art-renovation.ch\/index.php\/wp-json\/wp\/v2\/types\/post"}],"author":[{"embeddable":true,"href":"https:\/\/art-renovation.ch\/index.php\/wp-json\/wp\/v2\/users\/3"}],"replies":[{"embeddable":true,"href":"https:\/\/art-renovation.ch\/index.php\/wp-json\/wp\/v2\/comments?post=7137"}],"version-history":[{"count":0,"href":"https:\/\/art-renovation.ch\/index.php\/wp-json\/wp\/v2\/posts\/7137\/revisions"}],"wp:featuredmedia":[{"embeddable":true,"href":"https:\/\/art-renovation.ch\/index.php\/wp-json\/"}],"wp:attachment":[{"href":"https:\/\/art-renovation.ch\/index.php\/wp-json\/wp\/v2\/media?parent=7137"}],"wp:term":[{"taxonomy":"category","embeddable":true,"href":"https:\/\/art-renovation.ch\/index.php\/wp-json\/wp\/v2\/categories?post=7137"},{"taxonomy":"post_tag","embeddable":true,"href":"https:\/\/art-renovation.ch\/index.php\/wp-json\/wp\/v2\/tags?post=7137"}],"curies":[{"name":"wp","href":"https:\/\/api.w.org\/{rel}","templated":true}]}}